{"id":1093,"date":"2013-06-13T09:32:52","date_gmt":"2013-06-13T09:32:52","guid":{"rendered":"https:\/\/zcprokuplje.rs\/?p=1093"},"modified":"2013-06-13T09:32:52","modified_gmt":"2013-06-13T09:32:52","slug":"dobrovoljci-u-neradnoj-nedelji","status":"publish","type":"post","link":"https:\/\/zcprokuplje.rs\/?p=1093","title":{"rendered":"DOBROVOLJCI  U NERADNOJ NEDELJI"},"content":{"rendered":"<p><img decoding=\"async\" src=\"images\/stories\/portiri14.jpg\"\/><\/p>\n<p>Radnici slu\u017ebe obezbe\u0111enja sami su odlu\u010dili da svoje nedeljno slobodno vreme posvete Bolnici. <\/p>\n<p>Naime, oni su uo\u010dili problem deficita radne snage, te da jedva uspevamo da odr\u017eavamo prili\u010dno veliki bolni\u010dki krug. Zato su se prihvatili trimera i kosilica i uredili zna\u010dajan deo bolni\u010dkog kruga, pre svega uz ogradu i iza zgrada, gde se ina\u010de manje obra\u0107a pa\u017enja.<\/p>\n<p><strong>&#8220;Praksa je da se stalno ne\u0161to tra\u017ei, a mi smo odlu\u010dili da na\u0161oj Bolnici ne\u0161to damo. Ova akcija nije ni prva ni poslednja koju smo samoinicijativno sproveli. Cilj nam je da motivi\u0161emo i ostale radnike da bar deli\u0107 svog radnog vremena posvete dobrobitu svoje zajednice&#8221; <\/strong> &#8211; ka\u017ee jedan od organizatora akcije Aleksandar Stefanovi\u0107.<\/p>\n<p>U ime rukovodstva Bolnice, u ime svih zaposlenih i u ime pacijenata, javno se zahvaljujemo na\u0161im radnicima.<\/p>\n<p><img decoding=\"async\" src=\"images\/stories\/portiri2.jpg\"\/><img decoding=\"async\" src=\"images\/stories\/portiri18.jpg\"\/><\/p>\n<p><img decoding=\"async\" src=\"images\/stories\/portiri4.jpg\"\/><img decoding=\"async\" src=\"images\/stories\/portiri16.jpg\"\/><\/p>\n<p><img decoding=\"async\" src=\"images\/stories\/portiri6.jpg\"\/><img decoding=\"async\" src=\"images\/stories\/portiri15.jpg\"\/><\/p>\n<p><img decoding=\"async\" src=\"images\/stories\/portiri8.jpg\"\/><img decoding=\"async\" src=\"images\/stories\/portiri13.jpg\"\/><\/p>\n<p><img decoding=\"async\" src=\"images\/stories\/portiri19.jpg\"\/><img decoding=\"async\" src=\"images\/stories\/portiri17.jpg\"\/><\/p>\n","protected":false},"excerpt":{"rendered":"<p>Radnici slu\u017ebe obezbe\u0111enja sami su odlu\u010dili da svoje nedeljno slobodno vreme posvete Bolnici. Naime, oni su uo\u010dili problem deficita radne snage, te da jedva uspevamo da odr\u017eavamo prili\u010dno veliki bolni\u010dki krug. Zato su se prihvatili trimera i kosilica i uredili zna\u010dajan deo bolni\u010dkog kruga, pre svega uz ogradu i iza zgrada, gde se ina\u010de manje [&hellip;]<\/p>\n","protected":false},"author":1,"featured_media":0,"comment_status":"closed","ping_status":"open","sticky":false,"template":"","format":"standard","meta":{"_acf_changed":false,"footnotes":""},"categories":[28],"tags":[],"class_list":["post-1093","post","type-post","status-publish","format-standard","hentry","category-vesti"],"acf":[],"_links":{"self":[{"href":"https:\/\/zcprokuplje.rs\/index.php?rest_route=\/wp\/v2\/posts\/1093","targetHints":{"allow":["GET"]}}],"collection":[{"href":"https:\/\/zcprokuplje.rs\/index.php?rest_route=\/wp\/v2\/posts"}],"about":[{"href":"https:\/\/zcprokuplje.rs\/index.php?rest_route=\/wp\/v2\/types\/post"}],"author":[{"embeddable":true,"href":"https:\/\/zcprokuplje.rs\/index.php?rest_route=\/wp\/v2\/users\/1"}],"replies":[{"embeddable":true,"href":"https:\/\/zcprokuplje.rs\/index.php?rest_route=%2Fwp%2Fv2%2Fcomments&post=1093"}],"version-history":[{"count":0,"href":"https:\/\/zcprokuplje.rs\/index.php?rest_route=\/wp\/v2\/posts\/1093\/revisions"}],"wp:attachment":[{"href":"https:\/\/zcprokuplje.rs\/index.php?rest_route=%2Fwp%2Fv2%2Fmedia&parent=1093"}],"wp:term":[{"taxonomy":"category","embeddable":true,"href":"https:\/\/zcprokuplje.rs\/index.php?rest_route=%2Fwp%2Fv2%2Fcategories&post=1093"},{"taxonomy":"post_tag","embeddable":true,"href":"https:\/\/zcprokuplje.rs\/index.php?rest_route=%2Fwp%2Fv2%2Ftags&post=1093"}],"curies":[{"name":"wp","href":"https:\/\/api.w.org\/{rel}","templated":true}]}}